{"id":1644,"date":"2017-01-19T22:49:23","date_gmt":"2017-01-19T22:49:23","guid":{"rendered":"https:\/\/www.wilk-salinas.com\/falckensteinstrasse\/"},"modified":"2020-06-29T13:40:17","modified_gmt":"2020-06-29T13:40:17","slug":"falckensteinstrasse","status":"publish","type":"post","link":"https:\/\/www.wilk-salinas.com\/es\/falckensteinstrasse\/","title":{"rendered":"Falckensteinstrasse"},"content":{"rendered":"<div id='gallery-1' class='gallery galleryid-1644 gallery-columns-3 gallery-size-full'><figure class='gallery-item'>\n\t\t\t<div class='gallery-icon landscape'>\n\t\t\t\t<a href='https:\/\/www.wilk-salinas.com\/es\/falckensteinstrasse\/nw_11-08-falkensteinstr-1-2\/'><img loading=\"lazy\" decoding=\"async\" width=\"1434\" height=\"1200\" src=\"https:\/\/www.wilk-salinas.com\/wp-content\/uploads\/2016\/11\/NW_11-08-falkensteinstr-1.jpg\" class=\"attachment-full size-full\" alt=\"\" srcset=\"https:\/\/www.wilk-salinas.com\/wp-content\/uploads\/2016\/11\/NW_11-08-falkensteinstr-1.jpg 1434w, https:\/\/www.wilk-salinas.com\/wp-content\/uploads\/2016\/11\/NW_11-08-falkensteinstr-1-300x251.jpg 300w, https:\/\/www.wilk-salinas.com\/wp-content\/uploads\/2016\/11\/NW_11-08-falkensteinstr-1-768x643.jpg 768w, https:\/\/www.wilk-salinas.com\/wp-content\/uploads\/2016\/11\/NW_11-08-falkensteinstr-1-1024x857.jpg 1024w\" sizes=\"auto, (max-width: 1434px) 100vw, 1434px\" \/><\/a>\n\t\t\t<\/div><\/figure><figure class='gallery-item'>\n\t\t\t<div class='gallery-icon landscape'>\n\t\t\t\t<a href='https:\/\/www.wilk-salinas.com\/es\/falckensteinstrasse\/nw_11-08-falkensteinstr-2-2\/'><img loading=\"lazy\" decoding=\"async\" width=\"1434\" height=\"1200\" src=\"https:\/\/www.wilk-salinas.com\/wp-content\/uploads\/2016\/11\/NW_11-08-falkensteinstr-2.jpg\" class=\"attachment-full size-full\" alt=\"\" srcset=\"https:\/\/www.wilk-salinas.com\/wp-content\/uploads\/2016\/11\/NW_11-08-falkensteinstr-2.jpg 1434w, https:\/\/www.wilk-salinas.com\/wp-content\/uploads\/2016\/11\/NW_11-08-falkensteinstr-2-300x251.jpg 300w, https:\/\/www.wilk-salinas.com\/wp-content\/uploads\/2016\/11\/NW_11-08-falkensteinstr-2-768x643.jpg 768w, https:\/\/www.wilk-salinas.com\/wp-content\/uploads\/2016\/11\/NW_11-08-falkensteinstr-2-1024x857.jpg 1024w\" sizes=\"auto, (max-width: 1434px) 100vw, 1434px\" \/><\/a>\n\t\t\t<\/div><\/figure>\n\t\t<\/div>\n\n","protected":false},"excerpt":{"rendered":"<p>Para la transformaci\u00f3n de este \u00e1tico vac\u00edo en tres viviendas, se crean tabiques m\u00f3viles con huecos, permitiendo una flexibilidad de distribuci\u00f3n entre ellas, respondiendo a las variables necesidades de espacio de los inquilinos. Se crea un jard\u00edn en cubierta y se transforma el patio interior del edificio ampliando en un 75% los metros cuadrados de espacio verde del conjunto.<\/p>\n","protected":false},"author":1,"featured_media":3194,"comment_status":"closed","ping_status":"closed","sticky":false,"template":"","format":"standard","meta":{"_acf_changed":false,"footnotes":""},"categories":[34,22],"tags":[],"class_list":["post-1644","post","type-post","status-publish","format-standard","has-post-thumbnail","hentry","category-housing-es","category-conversion-es"],"acf":[],"aioseo_notices":[],"_links":{"self":[{"href":"https:\/\/www.wilk-salinas.com\/es\/wp-json\/wp\/v2\/posts\/1644","targetHints":{"allow":["GET"]}}],"collection":[{"href":"https:\/\/www.wilk-salinas.com\/es\/wp-json\/wp\/v2\/posts"}],"about":[{"href":"https:\/\/www.wilk-salinas.com\/es\/wp-json\/wp\/v2\/types\/post"}],"author":[{"embeddable":true,"href":"https:\/\/www.wilk-salinas.com\/es\/wp-json\/wp\/v2\/users\/1"}],"replies":[{"embeddable":true,"href":"https:\/\/www.wilk-salinas.com\/es\/wp-json\/wp\/v2\/comments?post=1644"}],"version-history":[{"count":5,"href":"https:\/\/www.wilk-salinas.com\/es\/wp-json\/wp\/v2\/posts\/1644\/revisions"}],"predecessor-version":[{"id":6490,"href":"https:\/\/www.wilk-salinas.com\/es\/wp-json\/wp\/v2\/posts\/1644\/revisions\/6490"}],"wp:featuredmedia":[{"embeddable":true,"href":"https:\/\/www.wilk-salinas.com\/es\/wp-json\/wp\/v2\/media\/3194"}],"wp:attachment":[{"href":"https:\/\/www.wilk-salinas.com\/es\/wp-json\/wp\/v2\/media?parent=1644"}],"wp:term":[{"taxonomy":"category","embeddable":true,"href":"https:\/\/www.wilk-salinas.com\/es\/wp-json\/wp\/v2\/categories?post=1644"},{"taxonomy":"post_tag","embeddable":true,"href":"https:\/\/www.wilk-salinas.com\/es\/wp-json\/wp\/v2\/tags?post=1644"}],"curies":[{"name":"wp","href":"https:\/\/api.w.org\/{rel}","templated":true}]}}