{"id":3672,"date":"2017-02-25T11:31:43","date_gmt":"2017-02-25T11:31:43","guid":{"rendered":"https:\/\/www.wilk-salinas.com\/berlin-festival\/"},"modified":"2020-06-25T11:20:08","modified_gmt":"2020-06-25T11:20:08","slug":"berlin-festival","status":"publish","type":"post","link":"https:\/\/www.wilk-salinas.com\/es\/berlin-festival\/","title":{"rendered":"Berlin Festival"},"content":{"rendered":"<div id='gallery-1' class='gallery galleryid-3672 gallery-columns-3 gallery-size-full'><figure class='gallery-item'>\n\t\t\t<div class='gallery-icon landscape'>\n\t\t\t\t<a href='https:\/\/www.wilk-salinas.com\/es\/berlin-festival\/z14-09-berlin-festival02-cad01-arbeitsordnerberlin-festival-2\/'><img loading=\"lazy\" decoding=\"async\" width=\"1920\" height=\"1197\" src=\"https:\/\/www.wilk-salinas.com\/wp-content\/uploads\/2017\/09\/NW_15-03-Berlin-Festival-2015-1.jpg\" class=\"attachment-full size-full\" alt=\"\" srcset=\"https:\/\/www.wilk-salinas.com\/wp-content\/uploads\/2017\/09\/NW_15-03-Berlin-Festival-2015-1.jpg 1920w, https:\/\/www.wilk-salinas.com\/wp-content\/uploads\/2017\/09\/NW_15-03-Berlin-Festival-2015-1-300x187.jpg 300w, https:\/\/www.wilk-salinas.com\/wp-content\/uploads\/2017\/09\/NW_15-03-Berlin-Festival-2015-1-768x479.jpg 768w, https:\/\/www.wilk-salinas.com\/wp-content\/uploads\/2017\/09\/NW_15-03-Berlin-Festival-2015-1-1024x638.jpg 1024w\" sizes=\"auto, (max-width: 1920px) 100vw, 1920px\" \/><\/a>\n\t\t\t<\/div><\/figure><figure class='gallery-item'>\n\t\t\t<div class='gallery-icon landscape'>\n\t\t\t\t<a href='https:\/\/www.wilk-salinas.com\/es\/berlin-festival\/z14-09-berlin-festival02-cad01-arbeitsordnerberlin-festival-2-2\/'><img loading=\"lazy\" decoding=\"async\" width=\"1920\" height=\"1197\" src=\"https:\/\/www.wilk-salinas.com\/wp-content\/uploads\/2017\/09\/NW_15-03-Berlin-Festival-2015-2.jpg\" class=\"attachment-full size-full\" alt=\"\" srcset=\"https:\/\/www.wilk-salinas.com\/wp-content\/uploads\/2017\/09\/NW_15-03-Berlin-Festival-2015-2.jpg 1920w, https:\/\/www.wilk-salinas.com\/wp-content\/uploads\/2017\/09\/NW_15-03-Berlin-Festival-2015-2-300x187.jpg 300w, https:\/\/www.wilk-salinas.com\/wp-content\/uploads\/2017\/09\/NW_15-03-Berlin-Festival-2015-2-768x479.jpg 768w, https:\/\/www.wilk-salinas.com\/wp-content\/uploads\/2017\/09\/NW_15-03-Berlin-Festival-2015-2-1024x638.jpg 1024w\" sizes=\"auto, (max-width: 1920px) 100vw, 1920px\" \/><\/a>\n\t\t\t<\/div><\/figure><figure class='gallery-item'>\n\t\t\t<div class='gallery-icon portrait'>\n\t\t\t\t<a href='https:\/\/www.wilk-salinas.com\/es\/berlin-festival\/z14-09-berlin-festival02-cad01-arbeitsordnerberlin-festival-5-2\/'><img loading=\"lazy\" decoding=\"async\" width=\"1724\" height=\"2048\" src=\"https:\/\/www.wilk-salinas.com\/wp-content\/uploads\/2017\/02\/NW_15-03-Berlin-Festival-2015-3_1.jpg\" class=\"attachment-full size-full\" alt=\"\" srcset=\"https:\/\/www.wilk-salinas.com\/wp-content\/uploads\/2017\/02\/NW_15-03-Berlin-Festival-2015-3_1.jpg 1724w, https:\/\/www.wilk-salinas.com\/wp-content\/uploads\/2017\/02\/NW_15-03-Berlin-Festival-2015-3_1-253x300.jpg 253w, https:\/\/www.wilk-salinas.com\/wp-content\/uploads\/2017\/02\/NW_15-03-Berlin-Festival-2015-3_1-768x912.jpg 768w, https:\/\/www.wilk-salinas.com\/wp-content\/uploads\/2017\/02\/NW_15-03-Berlin-Festival-2015-3_1-862x1024.jpg 862w\" sizes=\"auto, (max-width: 1724px) 100vw, 1724px\" \/><\/a>\n\t\t\t<\/div><\/figure><figure class='gallery-item'>\n\t\t\t<div class='gallery-icon landscape'>\n\t\t\t\t<a href='https:\/\/www.wilk-salinas.com\/es\/berlin-festival\/z14-09-berlin-festival02-cad01-arbeitsordnerberlin-festival-6-2\/'><img loading=\"lazy\" decoding=\"async\" width=\"2000\" height=\"1677\" src=\"https:\/\/www.wilk-salinas.com\/wp-content\/uploads\/2017\/02\/NW_15-03-Berlin-Festival-2015-4_1.jpg\" class=\"attachment-full size-full\" alt=\"\" srcset=\"https:\/\/www.wilk-salinas.com\/wp-content\/uploads\/2017\/02\/NW_15-03-Berlin-Festival-2015-4_1.jpg 2000w, https:\/\/www.wilk-salinas.com\/wp-content\/uploads\/2017\/02\/NW_15-03-Berlin-Festival-2015-4_1-300x252.jpg 300w, https:\/\/www.wilk-salinas.com\/wp-content\/uploads\/2017\/02\/NW_15-03-Berlin-Festival-2015-4_1-768x644.jpg 768w, https:\/\/www.wilk-salinas.com\/wp-content\/uploads\/2017\/02\/NW_15-03-Berlin-Festival-2015-4_1-1024x859.jpg 1024w\" sizes=\"auto, (max-width: 2000px) 100vw, 2000px\" \/><\/a>\n\t\t\t<\/div><\/figure>\n\t\t<\/div>\n\n","protected":false},"excerpt":{"rendered":"<p>Organizaci\u00f3n y permisos para el Berlin Festival los a\u00f1os 2014 y 2015. Se trata de un festival de varios d\u00edas con una importante afluencia de p\u00fablico y artistas internacionales, con varios escenarios, zonas de descanso y de restauraci\u00f3n. <\/p>\n","protected":false},"author":1,"featured_media":3669,"comment_status":"closed","ping_status":"closed","sticky":false,"template":"","format":"standard","meta":{"_acf_changed":false,"footnotes":""},"categories":[30,38,40,22],"tags":[],"class_list":["post-3672","post","type-post","status-publish","format-standard","has-post-thumbnail","hentry","category-culture-es","category-master-planning-es","category-consultant-es","category-conversion-es"],"acf":[],"aioseo_notices":[],"_links":{"self":[{"href":"https:\/\/www.wilk-salinas.com\/es\/wp-json\/wp\/v2\/posts\/3672","targetHints":{"allow":["GET"]}}],"collection":[{"href":"https:\/\/www.wilk-salinas.com\/es\/wp-json\/wp\/v2\/posts"}],"about":[{"href":"https:\/\/www.wilk-salinas.com\/es\/wp-json\/wp\/v2\/types\/post"}],"author":[{"embeddable":true,"href":"https:\/\/www.wilk-salinas.com\/es\/wp-json\/wp\/v2\/users\/1"}],"replies":[{"embeddable":true,"href":"https:\/\/www.wilk-salinas.com\/es\/wp-json\/wp\/v2\/comments?post=3672"}],"version-history":[{"count":6,"href":"https:\/\/www.wilk-salinas.com\/es\/wp-json\/wp\/v2\/posts\/3672\/revisions"}],"predecessor-version":[{"id":6443,"href":"https:\/\/www.wilk-salinas.com\/es\/wp-json\/wp\/v2\/posts\/3672\/revisions\/6443"}],"wp:featuredmedia":[{"embeddable":true,"href":"https:\/\/www.wilk-salinas.com\/es\/wp-json\/wp\/v2\/media\/3669"}],"wp:attachment":[{"href":"https:\/\/www.wilk-salinas.com\/es\/wp-json\/wp\/v2\/media?parent=3672"}],"wp:term":[{"taxonomy":"category","embeddable":true,"href":"https:\/\/www.wilk-salinas.com\/es\/wp-json\/wp\/v2\/categories?post=3672"},{"taxonomy":"post_tag","embeddable":true,"href":"https:\/\/www.wilk-salinas.com\/es\/wp-json\/wp\/v2\/tags?post=3672"}],"curies":[{"name":"wp","href":"https:\/\/api.w.org\/{rel}","templated":true}]}}